{"id":220,"date":"2019-04-25T18:29:44","date_gmt":"2019-04-25T18:29:44","guid":{"rendered":"https:\/\/www.usei-it.org\/2019\/04\/25\/usei-presente-en-la-celebracion-del-el-74-aniversario-del-dia-de-la-liberacion\/"},"modified":"2025-12-05T11:31:28","modified_gmt":"2025-12-05T11:31:28","slug":"usei-presente-en-la-celebracion-del-el-74-aniversario-del-dia-de-la-liberacion","status":"publish","type":"post","link":"https:\/\/usei-it.org\/it\/usei-presente-en-la-celebracion-del-el-74-aniversario-del-dia-de-la-liberacion\/","title":{"rendered":"USEI Presente en la Celebraci\u00f3n del el 74 aniversario del D\u00eda de la Liberaci\u00f3n."},"content":{"rendered":"<p style=\"margin: 0px 0px 6px; font-family: system-ui, -apple-system, system-ui, &quot;.SFNSText-Regular&quot;, sans-serif; color: rgb(29, 33, 41); font-size: 14px;\"> \t&quot;Me siento muy honrado de estar presente en el Consulado General de Italia en Buenos Aires para celebrar el 74 aniversario del D&iacute;a de la Liberaci&oacute;n. Hoy estoy aqu&iacute; como representante del Parlamento italiano para pronunciar las mismas palabras de libertad y democracia, que a menudo he utilizado en mis ponencias &quot;, dijo el Honorable Eugenio Sangregorio, presidente de USEI.<\/p>\n<p style=\"margin: 6px 0px; font-family: system-ui, -apple-system, system-ui, &quot;.SFNSText-Regular&quot;, sans-serif; color: rgb(29, 33, 41); font-size: 14px;\"> \t&quot;Si hoy celebramos la libe<span class=\"text_exposed_show\" style=\"display: inline; font-family: inherit;\">raci&oacute;n del pa&iacute;s y el fin de la segunda guerra mundial, lo hacemos una vez m&aacute;s con la convicci&oacute;n de defender los valores de la libertad y la paz&quot;, agreg&oacute;, y para reiterar la oposici&oacute;n a la actitud de algunos, j&oacute;venes y viejos. , quienes todav&iacute;a niegan los valores de la libertad y el contraste con los muchos pa&iacute;ses en los que retrocede la democracia, y del peligroso deseo de algunos estados de sobresalir al plegarse sobre s&iacute; mismos.<\/span><\/p>\n<div class=\"text_exposed_show\" style=\"display: inline; font-family: system-ui, -apple-system, system-ui, &quot;.SFNSText-Regular&quot;, sans-serif; color: rgb(29, 33, 41); font-size: 14px;\">\n<p style=\"margin: 0px 0px 6px; font-family: inherit;\"> \t\tQuiero agradecer a Marta Cartabia, Vicepresidenta del Tribunal Constitucional, por estar aqu&iacute; con nosotros en este d&iacute;a especialespecial.<\/p>\n<\/p><\/div>","protected":false},"excerpt":{"rendered":"<p>&quot;Me siento muy honrado de estar presente en el Consulado General de Italia en Buenos Aires para celebrar el 74 aniversario del D&iacute;a de la Liberaci&oacute;n. Hoy estoy aqu&iacute; como representante del Parlamento italiano para pronunciar las mismas palabras de libertad y democracia, que a menudo he utilizado en mis ponencias &quot;, dijo el Honorable [&hellip;]<\/p>\n","protected":false},"author":3,"featured_media":0,"comment_status":"open","ping_status":"closed","sticky":false,"template":"","format":"standard","meta":{"_acf_changed":false,"_gspb_post_css":"","footnotes":""},"categories":[12],"tags":[],"class_list":["post-220","post","type-post","status-publish","format-standard","hentry","category-articulos-escritos"],"blocksy_meta":[],"acf":[],"_links":{"self":[{"href":"https:\/\/usei-it.org\/it\/wp-json\/wp\/v2\/posts\/220","targetHints":{"allow":["GET"]}}],"collection":[{"href":"https:\/\/usei-it.org\/it\/wp-json\/wp\/v2\/posts"}],"about":[{"href":"https:\/\/usei-it.org\/it\/wp-json\/wp\/v2\/types\/post"}],"author":[{"embeddable":true,"href":"https:\/\/usei-it.org\/it\/wp-json\/wp\/v2\/users\/3"}],"replies":[{"embeddable":true,"href":"https:\/\/usei-it.org\/it\/wp-json\/wp\/v2\/comments?post=220"}],"version-history":[{"count":1,"href":"https:\/\/usei-it.org\/it\/wp-json\/wp\/v2\/posts\/220\/revisions"}],"predecessor-version":[{"id":17123,"href":"https:\/\/usei-it.org\/it\/wp-json\/wp\/v2\/posts\/220\/revisions\/17123"}],"wp:attachment":[{"href":"https:\/\/usei-it.org\/it\/wp-json\/wp\/v2\/media?parent=220"}],"wp:term":[{"taxonomy":"category","embeddable":true,"href":"https:\/\/usei-it.org\/it\/wp-json\/wp\/v2\/categories?post=220"},{"taxonomy":"post_tag","embeddable":true,"href":"https:\/\/usei-it.org\/it\/wp-json\/wp\/v2\/tags?post=220"}],"curies":[{"name":"wp","href":"https:\/\/api.w.org\/{rel}","templated":true}]}}