{"id":16718,"date":"2020-02-26T22:11:43","date_gmt":"2020-02-26T22:11:43","guid":{"rendered":"https:\/\/www.usei-it.org\/2020\/02\/26\/l-onorevole-eugenio-sangregorio-usei-domani-27-febbraio-2020-interverra-in-parlamento-sul-decreto-legge-n-161-del-2019\/"},"modified":"2025-12-05T11:31:53","modified_gmt":"2025-12-05T11:31:53","slug":"l-onorevole-eugenio-sangregorio-usei-domani-27-febbraio-2020-interverra-in-parlamento-sul-decreto-legge-n-161-del-2019","status":"publish","type":"post","link":"https:\/\/usei-it.org\/it\/l-onorevole-eugenio-sangregorio-usei-domani-27-febbraio-2020-interverra-in-parlamento-sul-decreto-legge-n-161-del-2019\/","title":{"rendered":"L&#8217;onorevole Eugenio Sangregorio (Usei) domani 27 febbraio 2020  interverr\u00e0 in Parlamento sul decreto-legge n. 161 del 2019."},"content":{"rendered":"<p>L&#8217;onorevole Eugenio Sangregorio (Usei) domani 27 febbraio 2020&nbsp; interverr\u00e0 in Parlamento sul decreto-legge n. 161 del 2019 riguardante le \u201c<strong>Modifiche urgenti alla disciplina delle intercettazioni di conversazioni o comunicazioni<\/strong>\u201d, e pertanto prevede disposizioni relative al divieto di pubblicazione degli atti processuali.<\/p>\n<p>\u201cOnorevoli colleghi, Presidente,&nbsp; Intervengo quest\u2019oggi per sottolineare l\u2019importanza di salvaguardare il rispetto della privacy relativo alle intercettazioni aventi ad oggetto fatti estranei all\u2019indagine e quindi privi di rilevanza penale; fatti che inevitabilmente e con gravissime ricadute personali possono ledere la persona coinvolta.<\/p>\n<p>Il rapporto intercorrente tra la pratica delle captazioni audio-visive di conversazioni e il rispetto della riservatezza e dell\u2019intimit\u00e0 delle persone in esse coinvolte devono trovare un <strong>equo bilanciamento tra gli interessi in gioco<\/strong>.<\/p>\n<p>A tutti \u00e8 ben nota la legge 675 del 1996, definita appunto \u201c<strong>legge sulla privacy<\/strong>\u201d; dove vi \u00e8 massima garanzia del trattamento dei dati personali, attraverso il rispetto dei diritti, delle libert\u00e0 fondamentali, nonch\u00e9 della dignit\u00e0 delle persone fisiche, con particolare riferimento alla riservatezza e all\u2019identit\u00e0 personale.<\/p>\n<p>E cos\u00ec l\u2019art. 8 della <strong>Convenzione Europea dei Diritti dell\u2019Uomo<\/strong>, secondo il quale \u201cogni persona ha diritto al rispetto della propria vita privata e familiare, del proprio domicilio e della propria corrispondenza\u201d; prevedendo il risarcimento dei danni nel caso in cui l\u2019immagine di una persona sia stata esposta o pubblicata fuori dei casi in cui queste attivit\u00e0 siano consentite dalla legge.<\/p>\n<p>E poi l\u2019art. 2 della Costituzione che tutela l\u2019individuo come singolo e nelle formazioni sociali.<\/p>\n<p>A confliggere con quanto su riportato, c\u2019\u00e8 il diritto di cronaca, anche questo costituzionalmente garantito, come anche esigenze di sicurezza e di giustizia.<\/p>\n<p>Attivit\u00e0 che rendono vulnerabile la persona sono: la raccolta di banche dati personali mediante tecnologie informatiche, intercettazioni telefoniche e ambientali, notizie e immagini trasmesse in internet e il loro uso.<\/p>\n<p>La privacy, ad oggi, si presenta come una nozione fortemente dinamica, in stretta relazione con i mutamenti determinati dalle tecnologie dell\u2019informazione.<\/p>\n<p>Nel 1947 venne formulato <strong>l\u2019art. 15 della Costituzione<\/strong>, che riservava un trattamento particolare alla tutela della libert\u00e0 e della segretezza delle comunicazioni, ponendo un limite alle competenze della polizia e conferendo potere di azione solo all\u2019autorit\u00e0 giudiziaria.<\/p>\n<p>A partire dal 1978, per\u00f2, con la diffusione del fenomeno del terrorismo, definiti gli \u201canni di piombo\u201d, si assistette,&nbsp; ad un sostanziale deficit di garantismo da parte delle istituzioni. Con la legge n. 191\/1978,&nbsp; si introdussero una serie di riforme assolutamente efficaci per le esigenze investigative degli inquirenti, che tuttavia erano lesive delle libert\u00e0 personali dell\u2019individuo.<\/p>\n<p>Superato quel periodo storico, oggi pi\u00f9 che mai la Costituzione italiana, nel proclamare come inviolabili la libert\u00e0 e la segretezza di ogni forma di comunicazione, prevede esplicitamente che la loro limitazione possa avvenire solo per atto motivato dell&#8217;autorit\u00e0 giudiziaria con le garanzie previste dalla legge [art 15 Cost.].<\/p>\n<p>Il controllo del magistrato deve mirare non soltanto a prevenire il compimento di eventuali abusi da parte della polizia, ma anche a ridurre il rischio di lesione del diritto alla riservatezza dei soggetti estranei ai fatti soggetti a indagine.<\/p>\n<p><strong>Un aspetto problematico della disciplina delle intercettazioni riguarda la tutela di soggetti terzi, non coinvolti nel procedimento, le cui dichiarazioni, tuttavia, finiscono inevitabilmente nel materiale intercettato. <\/strong><\/p>\n<p>Ma in Italia, si \u00e8 diffuso l\u2019uso di pubblicare tutto il materiale giudiziario che non sia coperto da segreto investigativo, divulgando anche particolari che non hanno nulla a che vedere con l\u2019inchiesta giudiziaria che pertanto possono&nbsp; ledere l\u2019interesse della persona.<\/p>\n<p>Spesso, invece che il diritto all\u2019informazione, viene privilegiato <strong>l\u2019interesse al gossip o alla pruderie pi\u00f9 bieca legata alle miserie altrui<\/strong>.<\/p>\n<p>In caso di diffusione di intercettazioni illegalmente formate o acquisite, la tutela delle persone coinvolte \u00e8 massima. Esse possono richiedere, per le pubblicazioni gi\u00e0 avvenute, la riparazione pecuniaria ed il risarcimento del danno, mentre, a titolo di tutela preventiva, possono ottenere l\u2019inibizione di ogni ulteriore e illecita diffusione: <strong>MA SAPPIAMO BENISSIMO CHE OGNI FORMA DI RISARCIMENTO DEL DANNO RISULTA ESSERE MISERA RISPETTO AL DANNO STESSO SUBITO.<\/strong><\/p>\n<p>Ribadisco, pertanto, con questo mio intervento, <strong>l\u2019assoluta inviolabilit\u00e0 della persona umana, <\/strong>che non pu\u00f2 in nessun modo subire un pregiudizio del genere.<\/p>\n<p>Uno Stato che si definisce e professa democratico ha il fondamentale compito di trovare il giusto equilibrio, evitando di utilizzare gli strumenti tecnologici, come pretesto per sorvegliare gli individui. Concludo: o<strong>ggi piu che mai avvertiamo la necessit\u00e0 di ribadire con forza e fermezza l\u2019importanza del diritto alla riservatezza come diritto soggettivo assoluto e irrinunciabile di ogni uomo e di ogni donna\u201d.<\/strong><\/p>\n","protected":false},"excerpt":{"rendered":"<p>L&#8217;onorevole Eugenio Sangregorio (Usei) domani 27 febbraio 2020&nbsp; interverr\u00e0 in Parlamento sul decreto-legge n. 161 del 2019 riguardante le \u201cModifiche urgenti alla disciplina delle intercettazioni di conversazioni o comunicazioni\u201d, e pertanto prevede disposizioni relative al divieto di pubblicazione degli atti processuali. \u201cOnorevoli colleghi, Presidente,&nbsp; Intervengo quest\u2019oggi per sottolineare l\u2019importanza di salvaguardare il rispetto della privacy [&hellip;]<\/p>\n","protected":false},"author":3,"featured_media":15961,"comment_status":"open","ping_status":"closed","sticky":false,"template":"","format":"standard","meta":{"_acf_changed":false,"_gspb_post_css":"","footnotes":""},"categories":[11],"tags":[],"class_list":["post-16718","post","type-post","status-publish","format-standard","has-post-thumbnail","hentry","category-articoli"],"blocksy_meta":[],"acf":[],"_links":{"self":[{"href":"https:\/\/usei-it.org\/it\/wp-json\/wp\/v2\/posts\/16718","targetHints":{"allow":["GET"]}}],"collection":[{"href":"https:\/\/usei-it.org\/it\/wp-json\/wp\/v2\/posts"}],"about":[{"href":"https:\/\/usei-it.org\/it\/wp-json\/wp\/v2\/types\/post"}],"author":[{"embeddable":true,"href":"https:\/\/usei-it.org\/it\/wp-json\/wp\/v2\/users\/3"}],"replies":[{"embeddable":true,"href":"https:\/\/usei-it.org\/it\/wp-json\/wp\/v2\/comments?post=16718"}],"version-history":[{"count":1,"href":"https:\/\/usei-it.org\/it\/wp-json\/wp\/v2\/posts\/16718\/revisions"}],"predecessor-version":[{"id":17176,"href":"https:\/\/usei-it.org\/it\/wp-json\/wp\/v2\/posts\/16718\/revisions\/17176"}],"wp:featuredmedia":[{"embeddable":true,"href":"https:\/\/usei-it.org\/it\/wp-json\/wp\/v2\/media\/15961"}],"wp:attachment":[{"href":"https:\/\/usei-it.org\/it\/wp-json\/wp\/v2\/media?parent=16718"}],"wp:term":[{"taxonomy":"category","embeddable":true,"href":"https:\/\/usei-it.org\/it\/wp-json\/wp\/v2\/categories?post=16718"},{"taxonomy":"post_tag","embeddable":true,"href":"https:\/\/usei-it.org\/it\/wp-json\/wp\/v2\/tags?post=16718"}],"curies":[{"name":"wp","href":"https:\/\/api.w.org\/{rel}","templated":true}]}}