{"id":16697,"date":"2019-06-11T19:06:11","date_gmt":"2019-06-11T19:06:11","guid":{"rendered":"https:\/\/www.usei-it.org\/2019\/06\/11\/somos-agentes-activos-de-los-acuerdos-de-relacion-institucional-cooperativo-y-economico-entre-italia-y-argentina\/"},"modified":"2025-12-05T11:31:41","modified_gmt":"2025-12-05T11:31:41","slug":"somos-agentes-activos-de-los-acuerdos-de-relacion-institucional-cooperativo-y-economico-entre-italia-y-argentina","status":"publish","type":"post","link":"https:\/\/usei-it.org\/it\/somos-agentes-activos-de-los-acuerdos-de-relacion-institucional-cooperativo-y-economico-entre-italia-y-argentina\/","title":{"rendered":"SOMOS AGENTES ACTIVOS DE LOS ACUERDOS DE RELACI\u00d3N INSTITUCIONAL, COOPERATIVO Y ECON\u00d3MIC\u00d3 ENTRE ITALIA Y ARGENTINA."},"content":{"rendered":"<p style=\"margin: 0px 0px 6px; font-family: system-ui, -apple-system, system-ui, &quot;.SFNSText-Regular&quot;, sans-serif; color: rgb(28, 30, 33); font-size: 14px;\"> \tSOMOS AGENTES ACTIVOS DE LOS ACUERDOS DE RELACI\u00d3N INSTITUCIONAL, COOPERATIVO Y ECON\u00d3MIC\u00d3 ENTRE ITALIA Y ARGENTINA.&nbsp;<span class=\"_5mfr\" style=\"margin: 0px 1px; font-family: inherit;\"><span class=\"_6qdm\" style=\"background-repeat: no-repeat; background-size: contain; color: transparent; display: inline-block; text-shadow: none; vertical-align: text-bottom; font-family: inherit; height: 16px; width: 16px; font-size: 16px; background-image: url(&quot;https:\/\/static.xx.fbcdn.net\/images\/emoji.php\/v9\/t18\/2\/16\/1f1ee_1f1f9.png?_nc_eui2=AeGq2kpZEBmjEW3w6W4tzSOxiYkaVe2ZMHgUUtVd-bXLv0vDZ1QseQo0hOBf2sGQz0ScUAZAPYYje_wqUF43uiPdh_Iv7SS0p7BvQsAkVKK2hA&quot;);\">??<\/span><\/span>&nbsp;<span class=\"_5mfr\" style=\"margin: 0px 1px; font-family: inherit;\"><span class=\"_6qdm\" style=\"background-repeat: no-repeat; background-size: contain; color: transparent; display: inline-block; text-shadow: none; vertical-align: text-bottom; font-family: inherit; height: 16px; width: 16px; font-size: 16px; background-image: url(&quot;https:\/\/static.xx.fbcdn.net\/images\/emoji.php\/v9\/ta7\/2\/16\/1f1e6_1f1f7.png?_nc_eui2=AeE_tHIFaWKioHExetAGZeebqYeJQ_Qey-h72XYbw-GcSgjHQMy1Ocn7lYTWjNUyf-tu-Vke9g-a9YsJUCnAq2LyhJOT4OEr8Hd9D5HjwLvgnw&quot;);\">??<\/span><\/span><\/p>\n<p style=\"margin: 6px 0px 0px; display: inline; font-family: system-ui, -apple-system, system-ui, &quot;.SFNSText-Regular&quot;, sans-serif; color: rgb(28, 30, 33); font-size: 14px;\"> \tCompartimos algunas fotos y un video del evento desarrollado hoy en la ciudad de Roma, y en el que participaron nuestro presidente el Diputado Eugenio Sangregorio acompa\u00f1ado de su hija la Vicente C\u00f3nsul de Italia en San Isidro Valeria Sangregorio. En el video, palabras destacadas del diputado Maurizio Lupi.&nbsp;<a class=\"_58cn\" data-ft=\"{&quot;type&quot;:104,&quot;tn&quot;:&quot;*N&quot;}\" href=\"https:\/\/www.facebook.com\/hashtag\/italiasosvos?source=feed_text&amp;epa=HASHTAG&amp;__xts__%5B0%5D=68.ARDEaM30OIUeLOhyh0YIQzQWvMNL18m7mlB3OKLg4Y5BQrWUOsirvazD2dtFQqZ0peNa24cebxcC0HsUa9Cw8iO9BJ1sLhNZfyPsUU5slL2ndYnWFkj2A2CqLtG-zGpSaeWushEUOdfKfmNDiGNT0o393rLBNtO8qUt_RmzFN0GmlQk2s1s6l6YoAmZkhGKX4hwtQYt0yTGf-8Dy1Fw8G0f8eNnFvPQQBY5YMYXC5JVtO06balYgMqJIpaHZDUzDe6w9AiN3i4S4e8qbX-k_z8K7JNRgDrmrSwTG9b2T3GNXZbGA8ARr2n3I3NHj54IrlZwD9G_0uC2OwnpZar4l0di-nA&amp;__tn__=%2ANK-R\" style=\"color: rgb(56, 88, 152); cursor: pointer; text-decoration-line: none; font-family: inherit;\"><span class=\"_5afx\" style=\"direction: ltr; unicode-bidi: isolate; font-family: inherit;\"><span aria-label=\"hashtag\" class=\"_58cl _5afz\" style=\"unicode-bidi: isolate; color: rgb(54, 88, 153); font-family: inherit;\">#<\/span><span class=\"_58cm\" style=\"font-family: inherit;\">ItaliaSosVos<\/span><\/span><\/a><\/p>","protected":false},"excerpt":{"rendered":"<p>SOMOS AGENTES ACTIVOS DE LOS ACUERDOS DE RELACI\u00d3N INSTITUCIONAL, COOPERATIVO Y ECON\u00d3MIC\u00d3 ENTRE ITALIA Y ARGENTINA.&nbsp;??&nbsp;?? Compartimos algunas fotos y un video del evento desarrollado hoy en la ciudad de Roma, y en el que participaron nuestro presidente el Diputado Eugenio Sangregorio acompa\u00f1ado de su hija la Vicente C\u00f3nsul de Italia en San Isidro Valeria [&hellip;]<\/p>\n","protected":false},"author":3,"featured_media":15093,"comment_status":"open","ping_status":"closed","sticky":false,"template":"","format":"standard","meta":{"_acf_changed":false,"_gspb_post_css":"","footnotes":""},"categories":[12],"tags":[],"class_list":["post-16697","post","type-post","status-publish","format-standard","has-post-thumbnail","hentry","category-articulos-escritos"],"blocksy_meta":[],"acf":[],"_links":{"self":[{"href":"https:\/\/usei-it.org\/it\/wp-json\/wp\/v2\/posts\/16697","targetHints":{"allow":["GET"]}}],"collection":[{"href":"https:\/\/usei-it.org\/it\/wp-json\/wp\/v2\/posts"}],"about":[{"href":"https:\/\/usei-it.org\/it\/wp-json\/wp\/v2\/types\/post"}],"author":[{"embeddable":true,"href":"https:\/\/usei-it.org\/it\/wp-json\/wp\/v2\/users\/3"}],"replies":[{"embeddable":true,"href":"https:\/\/usei-it.org\/it\/wp-json\/wp\/v2\/comments?post=16697"}],"version-history":[{"count":1,"href":"https:\/\/usei-it.org\/it\/wp-json\/wp\/v2\/posts\/16697\/revisions"}],"predecessor-version":[{"id":17157,"href":"https:\/\/usei-it.org\/it\/wp-json\/wp\/v2\/posts\/16697\/revisions\/17157"}],"wp:featuredmedia":[{"embeddable":true,"href":"https:\/\/usei-it.org\/it\/wp-json\/wp\/v2\/media\/15093"}],"wp:attachment":[{"href":"https:\/\/usei-it.org\/it\/wp-json\/wp\/v2\/media?parent=16697"}],"wp:term":[{"taxonomy":"category","embeddable":true,"href":"https:\/\/usei-it.org\/it\/wp-json\/wp\/v2\/categories?post=16697"},{"taxonomy":"post_tag","embeddable":true,"href":"https:\/\/usei-it.org\/it\/wp-json\/wp\/v2\/tags?post=16697"}],"curies":[{"name":"wp","href":"https:\/\/api.w.org\/{rel}","templated":true}]}}