{"id":16432,"date":"2022-01-10T14:03:10","date_gmt":"2022-01-10T14:03:10","guid":{"rendered":"https:\/\/www.usei-it.org\/?p=16432"},"modified":"2025-12-05T11:32:38","modified_gmt":"2025-12-05T11:32:38","slug":"senato-ecco-perche-porta-rischia-di-diventare-un-senatore-abusivo","status":"publish","type":"post","link":"https:\/\/usei-it.org\/it\/senato-ecco-perche-porta-rischia-di-diventare-un-senatore-abusivo\/","title":{"rendered":"SENATO | Ecco perch\u00e9 Porta rischia di diventare un &#8220;Senatore abusivo&#8221;"},"content":{"rendered":"<p>Dopo il pasticciaccio combinato gioved\u00ec 2 dicembre in Senato, con la presentazione da parte del Pd di due ordini del giorno contraditori male aprovato il secondo dal Senato, l\u2019unico risultato, per ora, \u00e8 che Adriano Cario non \u00e8 pi\u00f9 un senatore. Ma resta ancora da stabilire chi dovr\u00e0 prendere il suo posto nell\u2019Aula di Palazzo Madama.<\/p>\n<p>La Giunta, riunitasi una seconda volta, ha deciso di indicare Porta come successore di Cario. Ora dovr\u00e0 esprimersi il Senato.<\/p>\n<p>Davvero toccherebbe a Porta sedere sul seggio lasciato libero in Senato? \u00e9 chiaro che la risposta a quedta demanda \u00e9 no.<\/p>\n<p>Andiamo a vedere i numeri. Alle Politiche del 2018 il partito pi\u00f9 votato nella ripartizione estera America Meridionale \u00e8 stato il MAIE di Ricardo Merlo (l\u2019unico a rompere il muro dei 100mila voti, con 103.802 voti di lista raccolti); secondo l\u2019USEI (68.233 voti) e terzo il Pd (57.939).<\/p>\n<p>All\u2019estero, a livello di legge elettorale, vige il proporzionale puro. Con questi numeri, \u00e8 pi\u00f9 che evidente che lo scranno occupato fino a ieri da Cario tocca al primo dei non eletti dell\u2019Unione Sudamericana Emigrati Italiani.<\/p>\n<p>Infatti, anche togliendo le circa duemila schede contestate a Cario, l\u2019USEI avrebbe comunque molti pi\u00f9 voti del PD. Non si capisce, dunque, perch\u00e9 il seggio dovrebbe andare al candidato del Partito Democratico. Se qualcuno ce lo pu\u00f2 spiegare, siamo qui. Curiosi di capire.<\/p>\n<p>Se poi si vuole affermare che tutti i 20mila voti raccolti in pi\u00f9 dall&#8217;USEI sono falsi, bisogna dimostrarlo oltre ogni ragionevole dubbio. Non si pu\u00f2 continuare a navigare nelle acque delle supposizioni, la decisione \u00e8 troppo importante.<\/p>\n<p>Al momento, a rigor di logica e di numeri, dovrebbe essere l\u2019Ingegnere Francisco Nardelli &#8211; primo de non eletti dell\u2019USEI, appunto &#8211; a succedere a Cario. Ecco perch\u00e9 l\u2019On. Eugenio Sangregorio, presidente del partito, si \u00e8 affrettato a dichiarare che s\u00ec certo, gli dispiace per Adriano Cario e che accetta la decisione del Senato; ma quella poltrona, ha aggiunto subito dopo, a conti fatti, resta sempre dell\u2019USEI.<\/p>\n<p>Per Porta il rischio \u00e8 alto: se da una parte potrebbe sedersi in Senato, dall&#8217;altra diventerebbe paradossalmente il \u201cnuovo Cario\u201d, sarebbe cio\u00e8 un parlamentare non legittimato. Un senatore a met\u00e0. Un Senatore abusivo che ha fatto i brohli in Parlamento. Da parte nostra saremmo pronti a puntargli il dito contro tutti i giorni, attaccandolo quotidianamente e chiedendogli di dimettersi quanto prima, perch\u00e9 abusivo.<\/p>\n<p>C\u2019\u00e8 dell\u2019altro: nel voto pasticciato del Senato, l\u2019Aula ha votato un ordine del giorno che ha s\u00ec portato alla decadenza di Cario, ma allo stesso modo non ha dato per buone le motivazioni addotte dagli avvocati di Porta sul perch\u00e9 proprio lui dovesse essere proclamato senatore. Quindi?<\/p>\n<p>Lo capisce anche un bambino che, ad oggi, e nonostante la decisione della Giunta, \u00e8 Nardelli \u2013 e non Porta &#8211; ad avere diritto al seggio vacante del Senato. Non \u00e8 cos\u00ec difficile capirlo: basta saper far di conto.<\/p>\n<p>La verit\u00e0 \u00e8 che questa partita si sta giocando in Parlamento, non in Tribunale. E quindi la decisioni, qualsiasi esse siano, sono tutte prese dalla politica, non dai giudici. Qualsiasi decisione prender\u00e0 il Senato, sar\u00e0 basata su calcoli politici, su scambi di favori tra partiti, non sui numeri. Paradossalmente, un giorno un tribunale potrebbe pure dichiarare Cario innocente perch\u00e9 estraneo ai fatti, ma intanto la politica avr\u00e0 deciso di farlo fuori e di dare il suo seggio a un altro. Cos\u00ec per\u00f2 si stravolge la democrazia, si annullano migliaia di voti sulla base di supposizioni che nulla hanno a che vedere con i fatti.<\/p>\n<p>Andiamo a vedere tutte le schede, tutti i voti dell&#8217;USEI. Uno per uno. Vogliamo essere trasparenti fino in fondo? Riconteggio totale delle schede. Altrimenti, lo ribadiamo, quel seggio vacante spetta senza dubbio al nostro partito.<\/p>\n<p><strong>Avv. Antonela Novello<\/strong><br \/>\n<em>Vicepresidente Comites Rosario<\/em><\/p>","protected":false},"excerpt":{"rendered":"<p>Dopo il pasticciaccio combinato gioved\u00ec 2 dicembre in Senato, con la presentazione da parte del Pd di due ordini del giorno contraditori male aprovato il secondo dal Senato, l\u2019unico risultato, per ora, \u00e8 che Adriano Cario non \u00e8 pi\u00f9 un senatore. Ma resta ancora da stabilire chi dovr\u00e0 prendere il suo posto nell\u2019Aula di Palazzo [&hellip;]<\/p>\n","protected":false},"author":3,"featured_media":16433,"comment_status":"closed","ping_status":"closed","sticky":false,"template":"","format":"standard","meta":{"_acf_changed":false,"_gspb_post_css":"","footnotes":""},"categories":[11,1],"tags":[25,19],"class_list":["post-16432","post","type-post","status-publish","format-standard","has-post-thumbnail","hentry","category-articoli","category-uncategorized","tag-articulos-destacados","tag-novedadesit"],"blocksy_meta":[],"acf":[],"_links":{"self":[{"href":"https:\/\/usei-it.org\/it\/wp-json\/wp\/v2\/posts\/16432","targetHints":{"allow":["GET"]}}],"collection":[{"href":"https:\/\/usei-it.org\/it\/wp-json\/wp\/v2\/posts"}],"about":[{"href":"https:\/\/usei-it.org\/it\/wp-json\/wp\/v2\/types\/post"}],"author":[{"embeddable":true,"href":"https:\/\/usei-it.org\/it\/wp-json\/wp\/v2\/users\/3"}],"replies":[{"embeddable":true,"href":"https:\/\/usei-it.org\/it\/wp-json\/wp\/v2\/comments?post=16432"}],"version-history":[{"count":1,"href":"https:\/\/usei-it.org\/it\/wp-json\/wp\/v2\/posts\/16432\/revisions"}],"predecessor-version":[{"id":17232,"href":"https:\/\/usei-it.org\/it\/wp-json\/wp\/v2\/posts\/16432\/revisions\/17232"}],"wp:featuredmedia":[{"embeddable":true,"href":"https:\/\/usei-it.org\/it\/wp-json\/wp\/v2\/media\/16433"}],"wp:attachment":[{"href":"https:\/\/usei-it.org\/it\/wp-json\/wp\/v2\/media?parent=16432"}],"wp:term":[{"taxonomy":"category","embeddable":true,"href":"https:\/\/usei-it.org\/it\/wp-json\/wp\/v2\/categories?post=16432"},{"taxonomy":"post_tag","embeddable":true,"href":"https:\/\/usei-it.org\/it\/wp-json\/wp\/v2\/tags?post=16432"}],"curies":[{"name":"wp","href":"https:\/\/api.w.org\/{rel}","templated":true}]}}